{"id":2310,"date":"2024-08-31T13:10:39","date_gmt":"2024-08-31T11:10:39","guid":{"rendered":"https:\/\/amo.bz.it\/?p=2310"},"modified":"2024-11-29T11:41:39","modified_gmt":"2024-11-29T10:41:39","slug":"mozzarellarolle-mit-rohschinken-feigen","status":"publish","type":"post","link":"https:\/\/amo.bz.it\/de\/2024\/mozzarellarolle-mit-rohschinken-feigen\/","title":{"rendered":"Mozzarellarolle mit Rohschinken &#038; Feigen"},"content":{"rendered":"<p><div class=\"fusion-fullwidth fullwidth-box fusion-builder-row-1 fusion-flex-container nonhundred-percent-fullwidth non-hundred-percent-height-scrolling\" style=\"--awb-border-radius-top-left:0px;--awb-border-radius-top-right:0px;--awb-border-radius-bottom-right:0px;--awb-border-radius-bottom-left:0px;--awb-padding-bottom:0px;--awb-margin-bottom:0px;--awb-flex-wrap:wrap;\" ><div class=\"fusion-builder-row fusion-row fusion-flex-align-items-center fusion-flex-justify-content-center fusion-flex-content-wrap\" style=\"max-width:1248px;margin-left: calc(-4% \/ 2 );margin-right: calc(-4% \/ 2 );\"><div class=\"fusion-layout-column fusion_builder_column fusion-builder-column-0 fusion_builder_column_1_1 1_1 fusion-flex-column\" style=\"--awb-bg-size:cover;--awb-width-large:100%;--awb-margin-top-large:0px;--awb-spacing-right-large:1.92%;--awb-margin-bottom-large:20px;--awb-spacing-left-large:1.92%;--awb-width-medium:100%;--awb-order-medium:0;--awb-spacing-right-medium:1.92%;--awb-spacing-left-medium:1.92%;--awb-width-small:100%;--awb-order-small:0;--awb-spacing-right-small:1.92%;--awb-spacing-left-small:1.92%;\"><div class=\"fusion-column-wrapper fusion-column-has-shadow fusion-flex-justify-content-flex-start fusion-content-layout-column\"><div class=\"fusion-image-element \" style=\"text-align:center;--awb-caption-title-font-family:var(--h2_typography-font-family);--awb-caption-title-font-weight:var(--h2_typography-font-weight);--awb-caption-title-font-style:var(--h2_typography-font-style);--awb-caption-title-size:var(--h2_typography-font-size);--awb-caption-title-transform:var(--h2_typography-text-transform);--awb-caption-title-line-height:var(--h2_typography-line-height);--awb-caption-title-letter-spacing:var(--h2_typography-letter-spacing);\"><span class=\" fusion-imageframe imageframe-none imageframe-1 hover-type-none\"><img decoding=\"async\" width=\"1200\" height=\"675\" title=\"CREATOR: gd-jpeg v1.0 (using IJG JPEG v80), quality = 90\" src=\"https:\/\/amo.bz.it\/wp-content\/uploads\/2024\/11\/img_9369-1200.jpg\" data-orig-src=\"https:\/\/amo.bz.it\/wp-content\/uploads\/2024\/11\/img_9369-1200.jpg\" alt class=\"lazyload img-responsive wp-image-2292\" srcset=\"data:image\/svg+xml,%3Csvg%20xmlns%3D%27http%3A%2F%2Fwww.w3.org%2F2000%2Fsvg%27%20width%3D%271200%27%20height%3D%27675%27%20viewBox%3D%270%200%201200%20675%27%3E%3Crect%20width%3D%271200%27%20height%3D%27675%27%20fill-opacity%3D%220%22%2F%3E%3C%2Fsvg%3E\" data-srcset=\"https:\/\/amo.bz.it\/wp-content\/uploads\/2024\/11\/img_9369-1200-200x113.jpg 200w, https:\/\/amo.bz.it\/wp-content\/uploads\/2024\/11\/img_9369-1200-400x225.jpg 400w, https:\/\/amo.bz.it\/wp-content\/uploads\/2024\/11\/img_9369-1200-600x338.jpg 600w, https:\/\/amo.bz.it\/wp-content\/uploads\/2024\/11\/img_9369-1200-800x450.jpg 800w, https:\/\/amo.bz.it\/wp-content\/uploads\/2024\/11\/img_9369-1200.jpg 1200w\" data-sizes=\"auto\" data-orig-sizes=\"(max-width: 640px) 100vw, 1200px\" \/><\/span><\/div><\/div><\/div><\/div><\/div><div class=\"fusion-fullwidth fullwidth-box fusion-builder-row-2 fusion-flex-container has-pattern-background has-mask-background hundred-percent-fullwidth non-hundred-percent-height-scrolling\" style=\"--awb-border-radius-top-left:0px;--awb-border-radius-top-right:0px;--awb-border-radius-bottom-right:0px;--awb-border-radius-bottom-left:0px;--awb-padding-top:0px;--awb-padding-right:20px;--awb-padding-bottom:0px;--awb-padding-left:20px;--awb-background-color:var(--awb-color1);--awb-flex-wrap:wrap;\" ><div class=\"fusion-builder-row fusion-row fusion-flex-align-items-flex-start fusion-flex-content-wrap\" style=\"width:104% !important;max-width:104% !important;margin-left: calc(-4% \/ 2 );margin-right: calc(-4% \/ 2 );\"><div class=\"fusion-layout-column fusion_builder_column fusion-builder-column-1 fusion_builder_column_1_2 1_2 fusion-flex-column\" style=\"--awb-bg-size:cover;--awb-width-large:50%;--awb-margin-top-large:0px;--awb-spacing-right-large:3.84%;--awb-margin-bottom-large:20px;--awb-spacing-left-large:3.84%;--awb-width-medium:50%;--awb-order-medium:0;--awb-spacing-right-medium:3.84%;--awb-spacing-left-medium:3.84%;--awb-width-small:100%;--awb-order-small:0;--awb-spacing-right-small:1.92%;--awb-spacing-left-small:1.92%;\"><div class=\"fusion-column-wrapper fusion-column-has-shadow fusion-flex-justify-content-flex-start fusion-content-layout-column\"><div class=\"fusion-text fusion-text-1\" style=\"--awb-margin-top:50px;\"><p>Dieses Gericht ist nicht nur einfach zuzubereiten und eignet sich f\u00fcr die Sommersaison, sondern bringt auch eine Kombination von Zutaten auf den Tisch, die das Beste mediterraner kulinarischen Tradition zelebriert.<\/p>\n<p>Das Geheimnis dieser k\u00f6stlichen Rolle liegt in der Qualit\u00e4t der Mozzarella. F\u00fcr dieses Rezept haben wir Mozzarella aus der K\u00e4serei Am\u00f2 gew\u00e4hlt, ein echtes und lokales Produkt, welches ausschlie\u00dflich aus S\u00fcdtiroler Kuhmilch hergestellt wird.<\/p>\n<p>Die Mozzarella aus Am\u00f2 ist besonders weich und samtig und l\u00e4sst sich problemlos f\u00fcllen und aufrollen.<\/p>\n<\/div><\/div><\/div><div class=\"fusion-layout-column fusion_builder_column fusion-builder-column-2 fusion_builder_column_1_2 1_2 fusion-flex-column\" style=\"--awb-bg-size:cover;--awb-width-large:50%;--awb-margin-top-large:0px;--awb-spacing-right-large:3.84%;--awb-margin-bottom-large:20px;--awb-spacing-left-large:3.84%;--awb-width-medium:50%;--awb-order-medium:0;--awb-spacing-right-medium:3.84%;--awb-spacing-left-medium:3.84%;--awb-width-small:100%;--awb-order-small:0;--awb-spacing-right-small:1.92%;--awb-spacing-left-small:1.92%;\"><div class=\"fusion-column-wrapper fusion-column-has-shadow fusion-flex-justify-content-flex-start fusion-content-layout-column\"><div class=\"fusion-image-element \" style=\"text-align:center;--awb-caption-title-font-family:var(--h2_typography-font-family);--awb-caption-title-font-weight:var(--h2_typography-font-weight);--awb-caption-title-font-style:var(--h2_typography-font-style);--awb-caption-title-size:var(--h2_typography-font-size);--awb-caption-title-transform:var(--h2_typography-text-transform);--awb-caption-title-line-height:var(--h2_typography-line-height);--awb-caption-title-letter-spacing:var(--h2_typography-letter-spacing);\"><span class=\" fusion-imageframe imageframe-none imageframe-2 hover-type-none\"><img decoding=\"async\" width=\"1280\" height=\"1354\" title=\"img_9363\" src=\"https:\/\/amo.bz.it\/wp-content\/uploads\/2024\/11\/img_9363.jpg\" data-orig-src=\"https:\/\/amo.bz.it\/wp-content\/uploads\/2024\/11\/img_9363.jpg\" alt class=\"lazyload img-responsive wp-image-2302\" srcset=\"data:image\/svg+xml,%3Csvg%20xmlns%3D%27http%3A%2F%2Fwww.w3.org%2F2000%2Fsvg%27%20width%3D%271280%27%20height%3D%271354%27%20viewBox%3D%270%200%201280%201354%27%3E%3Crect%20width%3D%271280%27%20height%3D%271354%27%20fill-opacity%3D%220%22%2F%3E%3C%2Fsvg%3E\" data-srcset=\"https:\/\/amo.bz.it\/wp-content\/uploads\/2024\/11\/img_9363-200x212.jpg 200w, https:\/\/amo.bz.it\/wp-content\/uploads\/2024\/11\/img_9363-400x423.jpg 400w, https:\/\/amo.bz.it\/wp-content\/uploads\/2024\/11\/img_9363-600x635.jpg 600w, https:\/\/amo.bz.it\/wp-content\/uploads\/2024\/11\/img_9363-800x846.jpg 800w, https:\/\/amo.bz.it\/wp-content\/uploads\/2024\/11\/img_9363-1200x1269.jpg 1200w, https:\/\/amo.bz.it\/wp-content\/uploads\/2024\/11\/img_9363.jpg 1280w\" data-sizes=\"auto\" data-orig-sizes=\"(max-width: 640px) 100vw, 600px\" \/><\/span><\/div><\/div><\/div><\/div><\/div><div class=\"fusion-fullwidth fullwidth-box fusion-builder-row-3 fusion-flex-container has-pattern-background has-mask-background hundred-percent-fullwidth non-hundred-percent-height-scrolling\" style=\"--awb-border-radius-top-left:0px;--awb-border-radius-top-right:0px;--awb-border-radius-bottom-right:0px;--awb-border-radius-bottom-left:0px;--awb-padding-top:0px;--awb-padding-right:20px;--awb-padding-bottom:0px;--awb-padding-left:20px;--awb-background-color:var(--awb-color1);--awb-flex-wrap:wrap;\" ><div class=\"fusion-builder-row fusion-row fusion-flex-align-items-flex-start fusion-flex-content-wrap\" style=\"width:104% !important;max-width:104% !important;margin-left: calc(-4% \/ 2 );margin-right: calc(-4% \/ 2 );\"><div class=\"fusion-layout-column fusion_builder_column fusion-builder-column-3 fusion_builder_column_1_2 1_2 fusion-flex-column\" style=\"--awb-bg-size:cover;--awb-width-large:50%;--awb-margin-top-large:0px;--awb-spacing-right-large:3.84%;--awb-margin-bottom-large:20px;--awb-spacing-left-large:3.84%;--awb-width-medium:50%;--awb-order-medium:0;--awb-spacing-right-medium:3.84%;--awb-spacing-left-medium:3.84%;--awb-width-small:100%;--awb-order-small:0;--awb-spacing-right-small:1.92%;--awb-spacing-left-small:1.92%;\"><div class=\"fusion-column-wrapper fusion-column-has-shadow fusion-flex-justify-content-flex-start fusion-content-layout-column\"><div class=\"fusion-text fusion-text-2\" style=\"--awb-margin-top:50px;\"><h3>Zutaten<\/h3>\n<p>1 Blatt Am\u00f2 Mozzarella (ca. 1 kg)<br \/>\n150 g Rohschinken<br \/>\n4-5 Feigen<br \/>\n100 g Salat, je nach Geschmack (R\u00f6mersalat, Spinat)<br \/>\n\u00d6l nach Geschmack<br \/>\nPfeffer nach Geschmack<br \/>\nSalz nach Geschmack<\/p>\n<\/div><\/div><\/div><div class=\"fusion-layout-column fusion_builder_column fusion-builder-column-4 fusion_builder_column_1_2 1_2 fusion-flex-column\" style=\"--awb-bg-size:cover;--awb-width-large:50%;--awb-margin-top-large:0px;--awb-spacing-right-large:3.84%;--awb-margin-bottom-large:20px;--awb-spacing-left-large:3.84%;--awb-width-medium:50%;--awb-order-medium:0;--awb-spacing-right-medium:3.84%;--awb-spacing-left-medium:3.84%;--awb-width-small:100%;--awb-order-small:0;--awb-spacing-right-small:1.92%;--awb-spacing-left-small:1.92%;\"><div class=\"fusion-column-wrapper fusion-column-has-shadow fusion-flex-justify-content-flex-start fusion-content-layout-column\"><div class=\"fusion-text fusion-text-3\" style=\"--awb-margin-top:50px;\"><h3>Zubereitung<\/h3>\n<ol>\n<li>F\u00fcr die F\u00fcllung die Feigen waschen und trocknen, dann in d\u00fcnne Scheiben schneiden<\/li>\n<li>Einige Salatbl\u00e4tter waschen und gut trocknen.<\/li>\n<li>Um die Rolle zusammenzusetzen, rollen Sie zun\u00e4chst das Mozzarellablatt von Am\u00f2 auf einer Arbeitsfl\u00e4che aus und halten Sie sie \u00fcber eine Frischhaltefolie, um das Ausrollen zu erleichtern.<\/li>\n<li>Die Rohschinkenscheiben \u00fcber die gesamte Fl\u00e4che der Mozzarella verteilen, dabei einen kleinen Rand frei lassen.<\/li>\n<li>Die Feigenscheiben auf den Schinken legen und gleichm\u00e4\u00dfig verteilen.<\/li>\n<li>Zum Schluss den Salat und nach Belieben einige Basilikumbl\u00e4tter dazugeben.<\/li>\n<li>Rollen Sie den Mozzarella mit Hilfe der Folie vorsichtig auf, wobei Sie darauf achten, dass alle Zutaten gut aneinander liegen.<\/li>\n<li>Sobald die Rolle geformt ist, wickeln Sie sie fest in Frischhaltefolie ein und legen Sie sie f\u00fcr etwa 30 Minuten in den K\u00fchlschrank, damit sie fest wird und ihre Form beh\u00e4lt.<\/li>\n<li>Vor dem Servieren die Rolle aus dem K\u00fchlschrank nehmen und in etwa 2 cm dicke Scheiben schneiden.<\/li>\n<li>Legen Sie die Scheiben auf einen Servierteller und w\u00fcrzen Sie sie mit etwas Oliven\u00f6l, Salz und Pfeffer nach Geschmack.<\/li>\n<\/ol>\n<\/div><\/div><\/div><div class=\"fusion-layout-column fusion_builder_column fusion-builder-column-5 fusion_builder_column_1_1 1_1 fusion-flex-column\" style=\"--awb-bg-size:cover;--awb-width-large:100%;--awb-margin-top-large:0px;--awb-spacing-right-large:1.92%;--awb-margin-bottom-large:20px;--awb-spacing-left-large:1.92%;--awb-width-medium:100%;--awb-order-medium:0;--awb-spacing-right-medium:1.92%;--awb-spacing-left-medium:1.92%;--awb-width-small:100%;--awb-order-small:0;--awb-spacing-right-small:1.92%;--awb-spacing-left-small:1.92%;\"><div class=\"fusion-column-wrapper fusion-column-has-shadow fusion-flex-justify-content-flex-start fusion-content-layout-column\"><div class=\"fusion-text fusion-text-4\"><p style=\"text-align: center;\"><strong>Alle \u201eAm\u00f2\u201c-Produkte k\u00f6nnen in der K\u00e4serei Am\u00f2 im Produktionsgebiet von Cardano und im Gesch\u00e4ft La Prelibateria in der Mail\u00e4nder Stra\u00dfe 11 in Bozen erworben werden.<\/strong><\/p>\n<\/div><\/div><\/div><\/div><\/div><\/p>\n","protected":false},"excerpt":{"rendered":"","protected":false},"author":1,"featured_media":2292,"comment_status":"open","ping_status":"open","sticky":false,"template":"","format":"standard","meta":{"footnotes":""},"categories":[70],"tags":[],"class_list":["post-2310","post","type-post","status-publish","format-standard","has-post-thumbnail","hentry","category-rezepte"],"yoast_head":"<!-- This site is optimized with the Yoast SEO plugin v26.2 - https:\/\/yoast.com\/wordpress\/plugins\/seo\/ -->\n<title>Mozzarellarolle mit Rohschinken &amp; Feigen - Caseificio K\u00e4serei Am\u00f2<\/title>\n<meta name=\"robots\" content=\"index, follow, max-snippet:-1, max-image-preview:large, max-video-preview:-1\" \/>\n<link rel=\"canonical\" href=\"https:\/\/amo.bz.it\/de\/2024\/mozzarellarolle-mit-rohschinken-feigen\/\" \/>\n<meta property=\"og:locale\" content=\"de_DE\" \/>\n<meta property=\"og:type\" content=\"article\" \/>\n<meta property=\"og:title\" content=\"Mozzarellarolle mit Rohschinken &amp; Feigen - Caseificio K\u00e4serei Am\u00f2\" \/>\n<meta property=\"og:url\" content=\"https:\/\/amo.bz.it\/de\/2024\/mozzarellarolle-mit-rohschinken-feigen\/\" \/>\n<meta property=\"og:site_name\" content=\"Caseificio K\u00e4serei Am\u00f2\" \/>\n<meta property=\"article:published_time\" content=\"2024-08-31T11:10:39+00:00\" \/>\n<meta property=\"article:modified_time\" content=\"2024-11-29T10:41:39+00:00\" \/>\n<meta property=\"og:image\" content=\"https:\/\/amo.bz.it\/wp-content\/uploads\/2024\/11\/img_9369-1200.jpg\" \/>\n\t<meta property=\"og:image:width\" content=\"1200\" \/>\n\t<meta property=\"og:image:height\" content=\"675\" \/>\n\t<meta property=\"og:image:type\" content=\"image\/jpeg\" \/>\n<meta name=\"author\" content=\"Paissan\" \/>\n<meta name=\"twitter:card\" content=\"summary_large_image\" \/>\n<meta name=\"twitter:label1\" content=\"Verfasst von\" \/>\n\t<meta name=\"twitter:data1\" content=\"Paissan\" \/>\n\t<meta name=\"twitter:label2\" content=\"Gesch\u00e4tzte Lesezeit\" \/>\n\t<meta name=\"twitter:data2\" content=\"2\u00a0Minuten\" \/>\n<script type=\"application\/ld+json\" class=\"yoast-schema-graph\">{\"@context\":\"https:\/\/schema.org\",\"@graph\":[{\"@type\":\"WebPage\",\"@id\":\"https:\/\/amo.bz.it\/de\/2024\/mozzarellarolle-mit-rohschinken-feigen\/\",\"url\":\"https:\/\/amo.bz.it\/de\/2024\/mozzarellarolle-mit-rohschinken-feigen\/\",\"name\":\"Mozzarellarolle mit Rohschinken & Feigen - Caseificio K\u00e4serei Am\u00f2\",\"isPartOf\":{\"@id\":\"https:\/\/amo.bz.it\/#website\"},\"primaryImageOfPage\":{\"@id\":\"https:\/\/amo.bz.it\/de\/2024\/mozzarellarolle-mit-rohschinken-feigen\/#primaryimage\"},\"image\":{\"@id\":\"https:\/\/amo.bz.it\/de\/2024\/mozzarellarolle-mit-rohschinken-feigen\/#primaryimage\"},\"thumbnailUrl\":\"https:\/\/amo.bz.it\/wp-content\/uploads\/2024\/11\/img_9369-1200.jpg\",\"datePublished\":\"2024-08-31T11:10:39+00:00\",\"dateModified\":\"2024-11-29T10:41:39+00:00\",\"author\":{\"@id\":\"https:\/\/amo.bz.it\/#\/schema\/person\/043334444a6ad243449e9e1fa0c06357\"},\"breadcrumb\":{\"@id\":\"https:\/\/amo.bz.it\/de\/2024\/mozzarellarolle-mit-rohschinken-feigen\/#breadcrumb\"},\"inLanguage\":\"de\",\"potentialAction\":[{\"@type\":\"ReadAction\",\"target\":[\"https:\/\/amo.bz.it\/de\/2024\/mozzarellarolle-mit-rohschinken-feigen\/\"]}]},{\"@type\":\"ImageObject\",\"inLanguage\":\"de\",\"@id\":\"https:\/\/amo.bz.it\/de\/2024\/mozzarellarolle-mit-rohschinken-feigen\/#primaryimage\",\"url\":\"https:\/\/amo.bz.it\/wp-content\/uploads\/2024\/11\/img_9369-1200.jpg\",\"contentUrl\":\"https:\/\/amo.bz.it\/wp-content\/uploads\/2024\/11\/img_9369-1200.jpg\",\"width\":1200,\"height\":675,\"caption\":\"CREATOR: gd-jpeg v1.0 (using IJG JPEG v80), quality = 90\"},{\"@type\":\"BreadcrumbList\",\"@id\":\"https:\/\/amo.bz.it\/de\/2024\/mozzarellarolle-mit-rohschinken-feigen\/#breadcrumb\",\"itemListElement\":[{\"@type\":\"ListItem\",\"position\":1,\"name\":\"Home\",\"item\":\"https:\/\/amo.bz.it\/de\/\"},{\"@type\":\"ListItem\",\"position\":2,\"name\":\"Mozzarellarolle mit Rohschinken &#038; Feigen\"}]},{\"@type\":\"WebSite\",\"@id\":\"https:\/\/amo.bz.it\/#website\",\"url\":\"https:\/\/amo.bz.it\/\",\"name\":\"Caseificio K\u00e4serei Am\u00f2\",\"description\":\"Il laboratorio della mozzarella artigianale\",\"potentialAction\":[{\"@type\":\"SearchAction\",\"target\":{\"@type\":\"EntryPoint\",\"urlTemplate\":\"https:\/\/amo.bz.it\/?s={search_term_string}\"},\"query-input\":{\"@type\":\"PropertyValueSpecification\",\"valueRequired\":true,\"valueName\":\"search_term_string\"}}],\"inLanguage\":\"de\"},{\"@type\":\"Person\",\"@id\":\"https:\/\/amo.bz.it\/#\/schema\/person\/043334444a6ad243449e9e1fa0c06357\",\"name\":\"Paissan\",\"sameAs\":[\"https:\/\/ovh.amo.bz.it\"],\"url\":\"https:\/\/amo.bz.it\/de\/author\/paissan\/\"}]}<\/script>\n<!-- \/ Yoast SEO plugin. -->","yoast_head_json":{"title":"Mozzarellarolle mit Rohschinken & Feigen - Caseificio K\u00e4serei Am\u00f2","robots":{"index":"index","follow":"follow","max-snippet":"max-snippet:-1","max-image-preview":"max-image-preview:large","max-video-preview":"max-video-preview:-1"},"canonical":"https:\/\/amo.bz.it\/de\/2024\/mozzarellarolle-mit-rohschinken-feigen\/","og_locale":"de_DE","og_type":"article","og_title":"Mozzarellarolle mit Rohschinken & Feigen - Caseificio K\u00e4serei Am\u00f2","og_url":"https:\/\/amo.bz.it\/de\/2024\/mozzarellarolle-mit-rohschinken-feigen\/","og_site_name":"Caseificio K\u00e4serei Am\u00f2","article_published_time":"2024-08-31T11:10:39+00:00","article_modified_time":"2024-11-29T10:41:39+00:00","og_image":[{"width":1200,"height":675,"url":"https:\/\/amo.bz.it\/wp-content\/uploads\/2024\/11\/img_9369-1200.jpg","type":"image\/jpeg"}],"author":"Paissan","twitter_card":"summary_large_image","twitter_misc":{"Verfasst von":"Paissan","Gesch\u00e4tzte Lesezeit":"2\u00a0Minuten"},"schema":{"@context":"https:\/\/schema.org","@graph":[{"@type":"WebPage","@id":"https:\/\/amo.bz.it\/de\/2024\/mozzarellarolle-mit-rohschinken-feigen\/","url":"https:\/\/amo.bz.it\/de\/2024\/mozzarellarolle-mit-rohschinken-feigen\/","name":"Mozzarellarolle mit Rohschinken & Feigen - Caseificio K\u00e4serei Am\u00f2","isPartOf":{"@id":"https:\/\/amo.bz.it\/#website"},"primaryImageOfPage":{"@id":"https:\/\/amo.bz.it\/de\/2024\/mozzarellarolle-mit-rohschinken-feigen\/#primaryimage"},"image":{"@id":"https:\/\/amo.bz.it\/de\/2024\/mozzarellarolle-mit-rohschinken-feigen\/#primaryimage"},"thumbnailUrl":"https:\/\/amo.bz.it\/wp-content\/uploads\/2024\/11\/img_9369-1200.jpg","datePublished":"2024-08-31T11:10:39+00:00","dateModified":"2024-11-29T10:41:39+00:00","author":{"@id":"https:\/\/amo.bz.it\/#\/schema\/person\/043334444a6ad243449e9e1fa0c06357"},"breadcrumb":{"@id":"https:\/\/amo.bz.it\/de\/2024\/mozzarellarolle-mit-rohschinken-feigen\/#breadcrumb"},"inLanguage":"de","potentialAction":[{"@type":"ReadAction","target":["https:\/\/amo.bz.it\/de\/2024\/mozzarellarolle-mit-rohschinken-feigen\/"]}]},{"@type":"ImageObject","inLanguage":"de","@id":"https:\/\/amo.bz.it\/de\/2024\/mozzarellarolle-mit-rohschinken-feigen\/#primaryimage","url":"https:\/\/amo.bz.it\/wp-content\/uploads\/2024\/11\/img_9369-1200.jpg","contentUrl":"https:\/\/amo.bz.it\/wp-content\/uploads\/2024\/11\/img_9369-1200.jpg","width":1200,"height":675,"caption":"CREATOR: gd-jpeg v1.0 (using IJG JPEG v80), quality = 90"},{"@type":"BreadcrumbList","@id":"https:\/\/amo.bz.it\/de\/2024\/mozzarellarolle-mit-rohschinken-feigen\/#breadcrumb","itemListElement":[{"@type":"ListItem","position":1,"name":"Home","item":"https:\/\/amo.bz.it\/de\/"},{"@type":"ListItem","position":2,"name":"Mozzarellarolle mit Rohschinken &#038; Feigen"}]},{"@type":"WebSite","@id":"https:\/\/amo.bz.it\/#website","url":"https:\/\/amo.bz.it\/","name":"Caseificio K\u00e4serei Am\u00f2","description":"Il laboratorio della mozzarella artigianale","potentialAction":[{"@type":"SearchAction","target":{"@type":"EntryPoint","urlTemplate":"https:\/\/amo.bz.it\/?s={search_term_string}"},"query-input":{"@type":"PropertyValueSpecification","valueRequired":true,"valueName":"search_term_string"}}],"inLanguage":"de"},{"@type":"Person","@id":"https:\/\/amo.bz.it\/#\/schema\/person\/043334444a6ad243449e9e1fa0c06357","name":"Paissan","sameAs":["https:\/\/ovh.amo.bz.it"],"url":"https:\/\/amo.bz.it\/de\/author\/paissan\/"}]}},"_links":{"self":[{"href":"https:\/\/amo.bz.it\/de\/wp-json\/wp\/v2\/posts\/2310","targetHints":{"allow":["GET"]}}],"collection":[{"href":"https:\/\/amo.bz.it\/de\/wp-json\/wp\/v2\/posts"}],"about":[{"href":"https:\/\/amo.bz.it\/de\/wp-json\/wp\/v2\/types\/post"}],"author":[{"embeddable":true,"href":"https:\/\/amo.bz.it\/de\/wp-json\/wp\/v2\/users\/1"}],"replies":[{"embeddable":true,"href":"https:\/\/amo.bz.it\/de\/wp-json\/wp\/v2\/comments?post=2310"}],"version-history":[{"count":1,"href":"https:\/\/amo.bz.it\/de\/wp-json\/wp\/v2\/posts\/2310\/revisions"}],"predecessor-version":[{"id":2521,"href":"https:\/\/amo.bz.it\/de\/wp-json\/wp\/v2\/posts\/2310\/revisions\/2521"}],"wp:featuredmedia":[{"embeddable":true,"href":"https:\/\/amo.bz.it\/de\/wp-json\/wp\/v2\/media\/2292"}],"wp:attachment":[{"href":"https:\/\/amo.bz.it\/de\/wp-json\/wp\/v2\/media?parent=2310"}],"wp:term":[{"taxonomy":"category","embeddable":true,"href":"https:\/\/amo.bz.it\/de\/wp-json\/wp\/v2\/categories?post=2310"},{"taxonomy":"post_tag","embeddable":true,"href":"https:\/\/amo.bz.it\/de\/wp-json\/wp\/v2\/tags?post=2310"}],"curies":[{"name":"wp","href":"https:\/\/api.w.org\/{rel}","templated":true}]}}