{"id":2199,"date":"2024-09-10T12:58:03","date_gmt":"2024-09-10T10:58:03","guid":{"rendered":"https:\/\/amo.bz.it\/2024\/open-day-bye-summer\/"},"modified":"2024-11-28T17:40:32","modified_gmt":"2024-11-28T16:40:32","slug":"open-day-bye-summer","status":"publish","type":"post","link":"https:\/\/amo.bz.it\/de\/2024\/open-day-bye-summer\/","title":{"rendered":"Open Day Bye Summer"},"content":{"rendered":"<div class=\"fusion-fullwidth fullwidth-box fusion-builder-row-1 fusion-flex-container nonhundred-percent-fullwidth non-hundred-percent-height-scrolling\" style=\"--awb-border-radius-top-left:0px;--awb-border-radius-top-right:0px;--awb-border-radius-bottom-right:0px;--awb-border-radius-bottom-left:0px;--awb-flex-wrap:wrap;\" ><div class=\"fusion-builder-row fusion-row fusion-flex-align-items-flex-start fusion-flex-content-wrap\" style=\"max-width:1248px;margin-left: calc(-4% \/ 2 );margin-right: calc(-4% \/ 2 );\"><div class=\"fusion-layout-column fusion_builder_column fusion-builder-column-0 fusion_builder_column_1_1 1_1 fusion-flex-column\" style=\"--awb-bg-size:cover;--awb-width-large:100%;--awb-margin-top-large:0px;--awb-spacing-right-large:1.92%;--awb-margin-bottom-large:20px;--awb-spacing-left-large:1.92%;--awb-width-medium:100%;--awb-order-medium:0;--awb-spacing-right-medium:1.92%;--awb-spacing-left-medium:1.92%;--awb-width-small:100%;--awb-order-small:0;--awb-spacing-right-small:1.92%;--awb-spacing-left-small:1.92%;\"><div class=\"fusion-column-wrapper fusion-column-has-shadow fusion-flex-justify-content-flex-start fusion-content-layout-column\"><div class=\"fusion-text fusion-text-1\"><p style=\"text-align: center;\">Wir freuen uns, euch zu unserem <strong>Open Day Bye Summer<\/strong> einzuladen!<\/p>\n<p style=\"text-align: center;\"><strong>Am 20. September 2024<\/strong> habt ihr in unserer <strong>K\u00e4serei in Cardano<\/strong> die Gelegenheit, <strong>die faszinierendsten Phasen der Produktion unserer Produkte live mitzuerleben.<\/strong> Ihr k\u00f6nnt euch auf Live-Musik freuen und vor allem unsere handwerklichen Kreationen verkosten.<\/p>\n<p style=\"text-align: center;\">Es wird eine besondere Gelegenheit sein, gemeinsam die prestigetr\u00e4chtige Auszeichnung mit dem <strong>Qualit\u00e4tssiegel S\u00fcdtirol<\/strong> zu feiern, das die Exzellenz und Nachhaltigkeit unserer Produkte zertifiziert.<\/p>\n<p style=\"text-align: center;\">Wir freuen uns auf euer zahlreiches Kommen, um gemeinsam zu feiern und unsere K\u00f6stlichkeiten zu genie\u00dfen!<\/p>\n<p style=\"text-align: center;\">\ud83d\udcc5 <b>20 september 2024<\/b><\/p>\n<p style=\"text-align: center;\">\ud83d\udd55 <b>18:00<\/b><\/p>\n<p style=\"text-align: center;\">\ud83d\udccdGewerbegebiet Cardano 21 (BZ)<\/p>\n<\/div><\/div><\/div><\/div><\/div>\n","protected":false},"excerpt":{"rendered":"","protected":false},"author":1,"featured_media":2197,"comment_status":"open","ping_status":"open","sticky":false,"template":"","format":"standard","meta":{"footnotes":""},"categories":[67],"tags":[],"class_list":["post-2199","post","type-post","status-publish","format-standard","has-post-thumbnail","hentry","category-nachrichten"],"yoast_head":"<!-- This site is optimized with the Yoast SEO plugin v26.2 - https:\/\/yoast.com\/wordpress\/plugins\/seo\/ -->\n<title>Open Day Bye Summer - Caseificio K\u00e4serei Am\u00f2<\/title>\n<meta name=\"robots\" content=\"index, follow, max-snippet:-1, max-image-preview:large, max-video-preview:-1\" \/>\n<link rel=\"canonical\" href=\"https:\/\/amo.bz.it\/de\/2024\/open-day-bye-summer\/\" \/>\n<meta property=\"og:locale\" content=\"de_DE\" \/>\n<meta property=\"og:type\" content=\"article\" \/>\n<meta property=\"og:title\" content=\"Open Day Bye Summer - Caseificio K\u00e4serei Am\u00f2\" \/>\n<meta property=\"og:url\" content=\"https:\/\/amo.bz.it\/de\/2024\/open-day-bye-summer\/\" \/>\n<meta property=\"og:site_name\" content=\"Caseificio K\u00e4serei Am\u00f2\" \/>\n<meta property=\"article:published_time\" content=\"2024-09-10T10:58:03+00:00\" \/>\n<meta property=\"article:modified_time\" content=\"2024-11-28T16:40:32+00:00\" \/>\n<meta property=\"og:image\" content=\"https:\/\/amo.bz.it\/wp-content\/uploads\/2024\/09\/IMG_9530-1200x600-1.jpeg\" \/>\n\t<meta property=\"og:image:width\" content=\"1200\" \/>\n\t<meta property=\"og:image:height\" content=\"600\" \/>\n\t<meta property=\"og:image:type\" content=\"image\/jpeg\" \/>\n<meta name=\"author\" content=\"Paissan\" \/>\n<meta name=\"twitter:card\" content=\"summary_large_image\" \/>\n<meta name=\"twitter:label1\" content=\"Verfasst von\" \/>\n\t<meta name=\"twitter:data1\" content=\"Paissan\" \/>\n\t<meta name=\"twitter:label2\" content=\"Gesch\u00e4tzte Lesezeit\" \/>\n\t<meta name=\"twitter:data2\" content=\"1\u00a0Minute\" \/>\n<script type=\"application\/ld+json\" class=\"yoast-schema-graph\">{\"@context\":\"https:\/\/schema.org\",\"@graph\":[{\"@type\":\"WebPage\",\"@id\":\"https:\/\/amo.bz.it\/de\/2024\/open-day-bye-summer\/\",\"url\":\"https:\/\/amo.bz.it\/de\/2024\/open-day-bye-summer\/\",\"name\":\"Open Day Bye Summer - Caseificio K\u00e4serei Am\u00f2\",\"isPartOf\":{\"@id\":\"https:\/\/amo.bz.it\/#website\"},\"primaryImageOfPage\":{\"@id\":\"https:\/\/amo.bz.it\/de\/2024\/open-day-bye-summer\/#primaryimage\"},\"image\":{\"@id\":\"https:\/\/amo.bz.it\/de\/2024\/open-day-bye-summer\/#primaryimage\"},\"thumbnailUrl\":\"https:\/\/amo.bz.it\/wp-content\/uploads\/2024\/09\/IMG_9530-1200x600-1.jpeg\",\"datePublished\":\"2024-09-10T10:58:03+00:00\",\"dateModified\":\"2024-11-28T16:40:32+00:00\",\"author\":{\"@id\":\"https:\/\/amo.bz.it\/#\/schema\/person\/043334444a6ad243449e9e1fa0c06357\"},\"breadcrumb\":{\"@id\":\"https:\/\/amo.bz.it\/de\/2024\/open-day-bye-summer\/#breadcrumb\"},\"inLanguage\":\"de\",\"potentialAction\":[{\"@type\":\"ReadAction\",\"target\":[\"https:\/\/amo.bz.it\/de\/2024\/open-day-bye-summer\/\"]}]},{\"@type\":\"ImageObject\",\"inLanguage\":\"de\",\"@id\":\"https:\/\/amo.bz.it\/de\/2024\/open-day-bye-summer\/#primaryimage\",\"url\":\"https:\/\/amo.bz.it\/wp-content\/uploads\/2024\/09\/IMG_9530-1200x600-1.jpeg\",\"contentUrl\":\"https:\/\/amo.bz.it\/wp-content\/uploads\/2024\/09\/IMG_9530-1200x600-1.jpeg\",\"width\":1200,\"height\":600},{\"@type\":\"BreadcrumbList\",\"@id\":\"https:\/\/amo.bz.it\/de\/2024\/open-day-bye-summer\/#breadcrumb\",\"itemListElement\":[{\"@type\":\"ListItem\",\"position\":1,\"name\":\"Home\",\"item\":\"https:\/\/amo.bz.it\/de\/\"},{\"@type\":\"ListItem\",\"position\":2,\"name\":\"Open Day Bye Summer\"}]},{\"@type\":\"WebSite\",\"@id\":\"https:\/\/amo.bz.it\/#website\",\"url\":\"https:\/\/amo.bz.it\/\",\"name\":\"Caseificio K\u00e4serei Am\u00f2\",\"description\":\"Il laboratorio della mozzarella artigianale\",\"potentialAction\":[{\"@type\":\"SearchAction\",\"target\":{\"@type\":\"EntryPoint\",\"urlTemplate\":\"https:\/\/amo.bz.it\/?s={search_term_string}\"},\"query-input\":{\"@type\":\"PropertyValueSpecification\",\"valueRequired\":true,\"valueName\":\"search_term_string\"}}],\"inLanguage\":\"de\"},{\"@type\":\"Person\",\"@id\":\"https:\/\/amo.bz.it\/#\/schema\/person\/043334444a6ad243449e9e1fa0c06357\",\"name\":\"Paissan\",\"sameAs\":[\"https:\/\/ovh.amo.bz.it\"],\"url\":\"https:\/\/amo.bz.it\/de\/author\/paissan\/\"}]}<\/script>\n<!-- \/ Yoast SEO plugin. -->","yoast_head_json":{"title":"Open Day Bye Summer - Caseificio K\u00e4serei Am\u00f2","robots":{"index":"index","follow":"follow","max-snippet":"max-snippet:-1","max-image-preview":"max-image-preview:large","max-video-preview":"max-video-preview:-1"},"canonical":"https:\/\/amo.bz.it\/de\/2024\/open-day-bye-summer\/","og_locale":"de_DE","og_type":"article","og_title":"Open Day Bye Summer - Caseificio K\u00e4serei Am\u00f2","og_url":"https:\/\/amo.bz.it\/de\/2024\/open-day-bye-summer\/","og_site_name":"Caseificio K\u00e4serei Am\u00f2","article_published_time":"2024-09-10T10:58:03+00:00","article_modified_time":"2024-11-28T16:40:32+00:00","og_image":[{"width":1200,"height":600,"url":"https:\/\/amo.bz.it\/wp-content\/uploads\/2024\/09\/IMG_9530-1200x600-1.jpeg","type":"image\/jpeg"}],"author":"Paissan","twitter_card":"summary_large_image","twitter_misc":{"Verfasst von":"Paissan","Gesch\u00e4tzte Lesezeit":"1\u00a0Minute"},"schema":{"@context":"https:\/\/schema.org","@graph":[{"@type":"WebPage","@id":"https:\/\/amo.bz.it\/de\/2024\/open-day-bye-summer\/","url":"https:\/\/amo.bz.it\/de\/2024\/open-day-bye-summer\/","name":"Open Day Bye Summer - Caseificio K\u00e4serei Am\u00f2","isPartOf":{"@id":"https:\/\/amo.bz.it\/#website"},"primaryImageOfPage":{"@id":"https:\/\/amo.bz.it\/de\/2024\/open-day-bye-summer\/#primaryimage"},"image":{"@id":"https:\/\/amo.bz.it\/de\/2024\/open-day-bye-summer\/#primaryimage"},"thumbnailUrl":"https:\/\/amo.bz.it\/wp-content\/uploads\/2024\/09\/IMG_9530-1200x600-1.jpeg","datePublished":"2024-09-10T10:58:03+00:00","dateModified":"2024-11-28T16:40:32+00:00","author":{"@id":"https:\/\/amo.bz.it\/#\/schema\/person\/043334444a6ad243449e9e1fa0c06357"},"breadcrumb":{"@id":"https:\/\/amo.bz.it\/de\/2024\/open-day-bye-summer\/#breadcrumb"},"inLanguage":"de","potentialAction":[{"@type":"ReadAction","target":["https:\/\/amo.bz.it\/de\/2024\/open-day-bye-summer\/"]}]},{"@type":"ImageObject","inLanguage":"de","@id":"https:\/\/amo.bz.it\/de\/2024\/open-day-bye-summer\/#primaryimage","url":"https:\/\/amo.bz.it\/wp-content\/uploads\/2024\/09\/IMG_9530-1200x600-1.jpeg","contentUrl":"https:\/\/amo.bz.it\/wp-content\/uploads\/2024\/09\/IMG_9530-1200x600-1.jpeg","width":1200,"height":600},{"@type":"BreadcrumbList","@id":"https:\/\/amo.bz.it\/de\/2024\/open-day-bye-summer\/#breadcrumb","itemListElement":[{"@type":"ListItem","position":1,"name":"Home","item":"https:\/\/amo.bz.it\/de\/"},{"@type":"ListItem","position":2,"name":"Open Day Bye Summer"}]},{"@type":"WebSite","@id":"https:\/\/amo.bz.it\/#website","url":"https:\/\/amo.bz.it\/","name":"Caseificio K\u00e4serei Am\u00f2","description":"Il laboratorio della mozzarella artigianale","potentialAction":[{"@type":"SearchAction","target":{"@type":"EntryPoint","urlTemplate":"https:\/\/amo.bz.it\/?s={search_term_string}"},"query-input":{"@type":"PropertyValueSpecification","valueRequired":true,"valueName":"search_term_string"}}],"inLanguage":"de"},{"@type":"Person","@id":"https:\/\/amo.bz.it\/#\/schema\/person\/043334444a6ad243449e9e1fa0c06357","name":"Paissan","sameAs":["https:\/\/ovh.amo.bz.it"],"url":"https:\/\/amo.bz.it\/de\/author\/paissan\/"}]}},"_links":{"self":[{"href":"https:\/\/amo.bz.it\/de\/wp-json\/wp\/v2\/posts\/2199","targetHints":{"allow":["GET"]}}],"collection":[{"href":"https:\/\/amo.bz.it\/de\/wp-json\/wp\/v2\/posts"}],"about":[{"href":"https:\/\/amo.bz.it\/de\/wp-json\/wp\/v2\/types\/post"}],"author":[{"embeddable":true,"href":"https:\/\/amo.bz.it\/de\/wp-json\/wp\/v2\/users\/1"}],"replies":[{"embeddable":true,"href":"https:\/\/amo.bz.it\/de\/wp-json\/wp\/v2\/comments?post=2199"}],"version-history":[{"count":3,"href":"https:\/\/amo.bz.it\/de\/wp-json\/wp\/v2\/posts\/2199\/revisions"}],"predecessor-version":[{"id":2501,"href":"https:\/\/amo.bz.it\/de\/wp-json\/wp\/v2\/posts\/2199\/revisions\/2501"}],"wp:featuredmedia":[{"embeddable":true,"href":"https:\/\/amo.bz.it\/de\/wp-json\/wp\/v2\/media\/2197"}],"wp:attachment":[{"href":"https:\/\/amo.bz.it\/de\/wp-json\/wp\/v2\/media?parent=2199"}],"wp:term":[{"taxonomy":"category","embeddable":true,"href":"https:\/\/amo.bz.it\/de\/wp-json\/wp\/v2\/categories?post=2199"},{"taxonomy":"post_tag","embeddable":true,"href":"https:\/\/amo.bz.it\/de\/wp-json\/wp\/v2\/tags?post=2199"}],"curies":[{"name":"wp","href":"https:\/\/api.w.org\/{rel}","templated":true}]}}